{"id":10756,"date":"2020-09-29T20:17:00","date_gmt":"2020-09-29T18:17:00","guid":{"rendered":"https:\/\/epwlm.com\/?p=10756"},"modified":"2020-10-11T23:57:45","modified_gmt":"2020-10-11T21:57:45","slug":"ag-epwlm","status":"publish","type":"post","link":"https:\/\/epwlm.com\/index.php\/2020\/09\/29\/ag-epwlm\/","title":{"rendered":"AG Epwlm"},"content":{"rendered":"<p>A <span id=\"transmark\" style=\"display: none; width: 0px; height: 0px;\"><\/span>l&#8217;ensemble des adh\u00e9rents\u00a0<\/p><p>Suite au dernier arr\u00eat\u00e9 pr\u00e9fectoral l\u2019AG ne pourra se tenir au Stadium mercredi prochain <span id=\"transmark\" style=\"display: none; width: 0px; height: 0px;\"><\/span>Je pense donc faire une conf\u00e9rence ZOOM \u00e0 la m\u00eame heure pour la <strong>pr\u00e9sentation pr\u00e9vue de 19h00 \u00e0 20h00<\/strong><\/p><p>========================================================================<span id=\"transmark\" style=\"display: none; width: 0px; height: 0px;\"><\/span><\/p><p><span id=\"transmark\" style=\"display: none; width: 0px; height: 0px;\"><\/span>Bonjour<\/p><p>Vous trouverez ci joint les documents relatifs \u00e0 l&#8217;AG du club sous r\u00e9serve que les conditions sanitaires le permettent.<\/p><p>Elle se d\u00e9roulera le <strong>mercredi 14 Octobre 2020 \u00e0 19h00 au Stadium de la MEL \u00e0 Villeneuve D&#8217;ascq.<\/strong><\/p><p>Nota<\/p><p>Il convient de limiter le nombre de personnes et donc ne pas venir avec les enfants mineurs mais uniquement les parents ou un repr\u00e9sentant l\u00e9gal.<\/p><p>Merci \u00e0 vous<\/p><p>Bruno TRAVAIL<\/p><p>Pr\u00e9sident EPWLM<\/p><p><span id=\"transmark\" style=\"display: none; width: 0px; height: 0px;\"><\/span><\/p><div class=\"wp-block-file\"><a href=\"https:\/\/epwlm.com\/wp-content\/uploads\/2020\/10\/Courrier-AG-2020.pdf\">Courrier-AG-2020<\/a><a href=\"https:\/\/epwlm.com\/wp-content\/uploads\/2020\/10\/Courrier-AG-2020.pdf\" class=\"wp-block-file__button\" download>T\u00e9l\u00e9charger<\/a><\/div><div class=\"wp-block-file\"><a href=\"https:\/\/epwlm.com\/wp-content\/uploads\/2020\/10\/EPWLM-convocation-AG-2020.pdf\">EPWLM-convocation-AG-2020<\/a><a href=\"https:\/\/epwlm.com\/wp-content\/uploads\/2020\/10\/EPWLM-convocation-AG-2020.pdf\" class=\"wp-block-file__button\" download>T\u00e9l\u00e9charger<\/a><\/div><div class=\"wp-block-file\"><a href=\"https:\/\/epwlm.com\/wp-content\/uploads\/2020\/10\/EPWLM-POUVOIR-AG-2020.pdf\">EPWLM-POUVOIR-AG-2020<\/a><a href=\"https:\/\/epwlm.com\/wp-content\/uploads\/2020\/10\/EPWLM-POUVOIR-AG-2020.pdf\" class=\"wp-block-file__button\" download>T\u00e9l\u00e9charger<\/a><\/div>","protected":false},"excerpt":{"rendered":"<p>A l&#8217;ensemble des adh\u00e9rents\u00a0 Suite au dernier arr\u00eat\u00e9 pr\u00e9fectoral l\u2019AG ne pourra se tenir au Stadium mercredi prochain Je pense donc faire une conf\u00e9rence ZOOM \u00e0 la m\u00eame heure pour la pr\u00e9sentation pr\u00e9vue de 19h00 \u00e0 20h00 ======================================================================== Bonjour Vous trouverez ci joint les documents relatifs \u00e0 l&#8217;AG du club sous r\u00e9serve que les conditions&hellip;&nbsp;<a href=\"https:\/\/epwlm.com\/index.php\/2020\/09\/29\/ag-epwlm\/\" rel=\"bookmark\">Lire la suite &raquo;<span class=\"screen-reader-text\">AG Epwlm<\/span><\/a><\/p>\n","protected":false},"author":1,"featured_media":10762,"comment_status":"closed","ping_status":"closed","sticky":false,"template":"","format":"standard","meta":{"_monsterinsights_skip_tracking":false,"_monsterinsights_sitenote_active":false,"_monsterinsights_sitenote_note":"","_monsterinsights_sitenote_category":0,"neve_meta_sidebar":"","neve_meta_container":"","neve_meta_enable_content_width":"","neve_meta_content_width":0,"neve_meta_title_alignment":"","neve_meta_author_avatar":"","neve_post_elements_order":"","neve_meta_disable_header":"","neve_meta_disable_footer":"","neve_meta_disable_title":"","ngg_post_thumbnail":0,"jetpack_post_was_ever_published":false,"_jetpack_newsletter_access":"","_jetpack_dont_email_post_to_subs":false,"_jetpack_newsletter_tier_id":0,"_jetpack_memberships_contains_paywalled_content":false,"_jetpack_memberships_contains_paid_content":false,"footnotes":"","jetpack_publicize_message":"","jetpack_publicize_feature_enabled":true,"jetpack_social_post_already_shared":true,"jetpack_social_options":{"image_generator_settings":{"template":"highway","default_image_id":0,"font":"","enabled":false},"version":2}},"categories":[96,85],"tags":[],"class_list":["post-10756","post","type-post","status-publish","format-standard","has-post-thumbnail","hentry","category-96","category-presse"],"jetpack_publicize_connections":[],"jetpack_featured_media_url":"https:\/\/epwlm.com\/wp-content\/uploads\/2020\/09\/Assemblee-generale-3.png","jetpack_sharing_enabled":true,"jetpack_shortlink":"https:\/\/wp.me\/p9UovH-2Nu","_links":{"self":[{"href":"https:\/\/epwlm.com\/index.php\/wp-json\/wp\/v2\/posts\/10756","targetHints":{"allow":["GET"]}}],"collection":[{"href":"https:\/\/epwlm.com\/index.php\/wp-json\/wp\/v2\/posts"}],"about":[{"href":"https:\/\/epwlm.com\/index.php\/wp-json\/wp\/v2\/types\/post"}],"author":[{"embeddable":true,"href":"https:\/\/epwlm.com\/index.php\/wp-json\/wp\/v2\/users\/1"}],"replies":[{"embeddable":true,"href":"https:\/\/epwlm.com\/index.php\/wp-json\/wp\/v2\/comments?post=10756"}],"version-history":[{"count":2,"href":"https:\/\/epwlm.com\/index.php\/wp-json\/wp\/v2\/posts\/10756\/revisions"}],"predecessor-version":[{"id":10814,"href":"https:\/\/epwlm.com\/index.php\/wp-json\/wp\/v2\/posts\/10756\/revisions\/10814"}],"wp:featuredmedia":[{"embeddable":true,"href":"https:\/\/epwlm.com\/index.php\/wp-json\/wp\/v2\/media\/10762"}],"wp:attachment":[{"href":"https:\/\/epwlm.com\/index.php\/wp-json\/wp\/v2\/media?parent=10756"}],"wp:term":[{"taxonomy":"category","embeddable":true,"href":"https:\/\/epwlm.com\/index.php\/wp-json\/wp\/v2\/categories?post=10756"},{"taxonomy":"post_tag","embeddable":true,"href":"https:\/\/epwlm.com\/index.php\/wp-json\/wp\/v2\/tags?post=10756"}],"curies":[{"name":"wp","href":"https:\/\/api.w.org\/{rel}","templated":true}]}}