{"id":13696,"date":"2022-02-07T19:05:00","date_gmt":"2022-02-07T18:05:00","guid":{"rendered":"https:\/\/epwlm.com\/?p=13696"},"modified":"2022-03-20T19:33:41","modified_gmt":"2022-03-20T18:33:41","slug":"art-une-ancienne-aux-championnats-du-monde","status":"publish","type":"post","link":"https:\/\/epwlm.com\/index.php\/2022\/02\/07\/art-une-ancienne-aux-championnats-du-monde\/","title":{"rendered":"ART &#8211; Une ancienne aux championnats du monde !"},"content":{"rendered":"<p>Le fil rouge de cette French Cup 2022 p\u00e9nalis\u00e9e par le COVID et le forfait de plusieurs \u00e9quipes.<\/p><p>J&#8217;ai pu partager le WE avec une ancienne patineuse du club , toujours passionn\u00e9e : Andr\u00e9a TASSARD. <\/p><p>Elle est licenci\u00e9e au sein de notre club depuis 2011. Elle a \u00e9t\u00e9 form\u00e9e par Matt\u00e9o OTTAVIANI au patinage artistique. <\/p><p>Puis elle a poursuivi son parcours en patinage synchronis\u00e9 chez les Flammes de Wasquehal pour ensuite avec la Junior N1 de Compi\u00e8gne ( Blacks Diams).<\/p><p>DE double nationalit\u00e9 Franco-polonaise elle patine cette saison dans l&#8217;\u00e9quipe Nationale S\u00e9nior de Pologne. Elle repr\u00e9sentera la Pologne avec son \u00e9quipe aux Championnats du Monde au Canada d\u00e9but avril 2022.<\/p><p>Une formidable ambassadrice du patinage synchronis\u00e9 : dynamique, passionn\u00e9e avec d&#8217;\u00e9normes qualit\u00e9s sur glace. <\/p><p>Bonne fin de saison \u00e0 toi..<\/p><p><span id=\"transmark\" style=\"display: none; width: 0px; height: 0px;\"><\/span><\/p><figure class=\"wp-block-image size-large\"><img fetchpriority=\"high\" decoding=\"async\" width=\"1024\" height=\"576\" src=\"https:\/\/epwlm.com\/wp-content\/uploads\/2022\/02\/273276144_2034829780021925_2510551307336836765_n-1024x576.jpg\" alt=\"\" class=\"wp-image-13697\" srcset=\"https:\/\/epwlm.com\/wp-content\/uploads\/2022\/02\/273276144_2034829780021925_2510551307336836765_n-1024x576.jpg 1024w, https:\/\/epwlm.com\/wp-content\/uploads\/2022\/02\/273276144_2034829780021925_2510551307336836765_n-300x169.jpg 300w, https:\/\/epwlm.com\/wp-content\/uploads\/2022\/02\/273276144_2034829780021925_2510551307336836765_n-768x432.jpg 768w, https:\/\/epwlm.com\/wp-content\/uploads\/2022\/02\/273276144_2034829780021925_2510551307336836765_n-1536x864.jpg 1536w, https:\/\/epwlm.com\/wp-content\/uploads\/2022\/02\/273276144_2034829780021925_2510551307336836765_n.jpg 1920w\" sizes=\"(max-width: 1024px) 100vw, 1024px\" \/><\/figure>","protected":false},"excerpt":{"rendered":"<p>Le fil rouge de cette French Cup 2022 p\u00e9nalis\u00e9e par le COVID et le forfait de plusieurs \u00e9quipes. J&#8217;ai pu partager le WE avec une ancienne patineuse du club , toujours passionn\u00e9e : Andr\u00e9a TASSARD. Elle est licenci\u00e9e au sein de notre club depuis 2011. Elle a \u00e9t\u00e9 form\u00e9e par Matt\u00e9o OTTAVIANI au patinage artistique.&hellip;&nbsp;<a href=\"https:\/\/epwlm.com\/index.php\/2022\/02\/07\/art-une-ancienne-aux-championnats-du-monde\/\" rel=\"bookmark\">Lire la suite &raquo;<span class=\"screen-reader-text\">ART &#8211; Une ancienne aux championnats du monde !<\/span><\/a><\/p>\n","protected":false},"author":1,"featured_media":13697,"comment_status":"closed","ping_status":"closed","sticky":false,"template":"","format":"standard","meta":{"_monsterinsights_skip_tracking":false,"_monsterinsights_sitenote_active":false,"_monsterinsights_sitenote_note":"","_monsterinsights_sitenote_category":0,"neve_meta_sidebar":"","neve_meta_container":"","neve_meta_enable_content_width":"","neve_meta_content_width":0,"neve_meta_title_alignment":"","neve_meta_author_avatar":"","neve_post_elements_order":"","neve_meta_disable_header":"","neve_meta_disable_footer":"","neve_meta_disable_title":"","ngg_post_thumbnail":0,"jetpack_post_was_ever_published":false,"_jetpack_newsletter_access":"","_jetpack_dont_email_post_to_subs":false,"_jetpack_newsletter_tier_id":0,"_jetpack_memberships_contains_paywalled_content":false,"_jetpack_memberships_contains_paid_content":false,"footnotes":"","jetpack_publicize_message":"","jetpack_publicize_feature_enabled":true,"jetpack_social_post_already_shared":true,"jetpack_social_options":{"image_generator_settings":{"template":"highway","default_image_id":0,"font":"","enabled":false},"version":2}},"categories":[107,89],"tags":[],"class_list":["post-13696","post","type-post","status-publish","format-standard","has-post-thumbnail","hentry","category-107","category-wasquehal"],"jetpack_publicize_connections":[],"jetpack_featured_media_url":"https:\/\/epwlm.com\/wp-content\/uploads\/2022\/02\/273276144_2034829780021925_2510551307336836765_n.jpg","jetpack_sharing_enabled":true,"jetpack_shortlink":"https:\/\/wp.me\/p9UovH-3yU","_links":{"self":[{"href":"https:\/\/epwlm.com\/index.php\/wp-json\/wp\/v2\/posts\/13696","targetHints":{"allow":["GET"]}}],"collection":[{"href":"https:\/\/epwlm.com\/index.php\/wp-json\/wp\/v2\/posts"}],"about":[{"href":"https:\/\/epwlm.com\/index.php\/wp-json\/wp\/v2\/types\/post"}],"author":[{"embeddable":true,"href":"https:\/\/epwlm.com\/index.php\/wp-json\/wp\/v2\/users\/1"}],"replies":[{"embeddable":true,"href":"https:\/\/epwlm.com\/index.php\/wp-json\/wp\/v2\/comments?post=13696"}],"version-history":[{"count":1,"href":"https:\/\/epwlm.com\/index.php\/wp-json\/wp\/v2\/posts\/13696\/revisions"}],"predecessor-version":[{"id":13698,"href":"https:\/\/epwlm.com\/index.php\/wp-json\/wp\/v2\/posts\/13696\/revisions\/13698"}],"wp:featuredmedia":[{"embeddable":true,"href":"https:\/\/epwlm.com\/index.php\/wp-json\/wp\/v2\/media\/13697"}],"wp:attachment":[{"href":"https:\/\/epwlm.com\/index.php\/wp-json\/wp\/v2\/media?parent=13696"}],"wp:term":[{"taxonomy":"category","embeddable":true,"href":"https:\/\/epwlm.com\/index.php\/wp-json\/wp\/v2\/categories?post=13696"},{"taxonomy":"post_tag","embeddable":true,"href":"https:\/\/epwlm.com\/index.php\/wp-json\/wp\/v2\/tags?post=13696"}],"curies":[{"name":"wp","href":"https:\/\/api.w.org\/{rel}","templated":true}]}}