{"id":5463,"date":"2019-04-06T13:03:57","date_gmt":"2019-04-06T11:03:57","guid":{"rendered":"https:\/\/epwlm.com\/?p=5463"},"modified":"2019-10-25T19:39:51","modified_gmt":"2019-10-25T17:39:51","slug":"danse-chpt-france-solo-brives-12-au-14-avril","status":"publish","type":"post","link":"https:\/\/epwlm.com\/index.php\/2019\/04\/06\/danse-chpt-france-solo-brives-12-au-14-avril\/","title":{"rendered":"Danse &#8211; CHPT France Solo BRIVES &#8211; 12 au 14 avril"},"content":{"rendered":"<p>En direct du Championnat de France Solo de Brive-La- Gaillarde..<\/p>\n<p>Ouverture de la journ\u00e9e avec la cat\u00e9gorie des Cadets et du tr\u00e8s haut niveau pour la course au podium.<\/p>\n<p>Apr\u00e8s un classement serr\u00e9 suite aux 2 danses impos\u00e9es Angela Tamburrino termine \u00e0 la troisi\u00e8me place apr\u00e8s un magnifique programme libre qui lui permet d&#8217;acc\u00e9der au podium.<\/p>\n<div class=\"text_exposed_show\">\n<p>Estelle Fleurbayx 6\u00e8me apr\u00e8s les impos\u00e9es conserve sa place au classement final..<br>C\u00e9lestine Brunelle termine \u00e0 lune place d&#8217;honneur (17\u00e8me)<\/p>\n<p>Cet apr\u00e8s midi \u00e0 partir de 13h45 place aux juniors avec Maud Travail actuellement 12\u00e8me.<\/p>\n<p>Puis la comp\u00e9tition se terminera vers 17h30 avec les Minimes : Marina Tinajero (actuellement 14\u00e8me) et Kalista Dubrulle (23\u00e8me).<\/p>\n<p>Bonne comp\u00e9tition \u00e0 toutes<\/p>\n<\/div>\n<p><br><span id=\"transmark\" style=\"display: none; width: 0px; height: 0px;\"><\/span><\/p><ul class=\"wp-block-gallery columns-3 is-cropped wp-block-gallery-1 is-layout-flex wp-block-gallery-is-layout-flex\"><li class=\"blocks-gallery-item\"><figure><img fetchpriority=\"high\" decoding=\"async\" width=\"627\" height=\"685\" src=\"https:\/\/epwlm.com\/wp-content\/uploads\/2019\/04\/57024098_2420492274641389_8671507690377183232_n.png\" alt=\"\" data-id=\"5783\" data-link=\"https:\/\/epwlm.com\/index.php\/2019\/04\/06\/danse-chpt-france-solo-brives-12-au-14-avril\/57024098_2420492274641389_8671507690377183232_n\/\" class=\"wp-image-5783\" srcset=\"https:\/\/epwlm.com\/wp-content\/uploads\/2019\/04\/57024098_2420492274641389_8671507690377183232_n.png 627w, https:\/\/epwlm.com\/wp-content\/uploads\/2019\/04\/57024098_2420492274641389_8671507690377183232_n-275x300.png 275w\" sizes=\"(max-width: 627px) 100vw, 627px\" \/><\/figure><\/li><li class=\"blocks-gallery-item\"><figure><img decoding=\"async\" width=\"540\" height=\"960\" src=\"https:\/\/epwlm.com\/wp-content\/uploads\/2019\/04\/57049138_2420503611306922_6920395016368029696_n.jpg\" alt=\"\" data-id=\"5784\" data-link=\"https:\/\/epwlm.com\/index.php\/2019\/04\/06\/danse-chpt-france-solo-brives-12-au-14-avril\/57049138_2420503611306922_6920395016368029696_n\/\" class=\"wp-image-5784\" srcset=\"https:\/\/epwlm.com\/wp-content\/uploads\/2019\/04\/57049138_2420503611306922_6920395016368029696_n.jpg 540w, https:\/\/epwlm.com\/wp-content\/uploads\/2019\/04\/57049138_2420503611306922_6920395016368029696_n-169x300.jpg 169w\" sizes=\"(max-width: 540px) 100vw, 540px\" \/><\/figure><\/li><li class=\"blocks-gallery-item\"><figure><img decoding=\"async\" width=\"360\" height=\"449\" src=\"https:\/\/epwlm.com\/wp-content\/uploads\/2019\/04\/57154596_2420509321306351_5446054338470346752_n.png\" alt=\"\" data-id=\"5785\" data-link=\"https:\/\/epwlm.com\/index.php\/2019\/04\/06\/danse-chpt-france-solo-brives-12-au-14-avril\/57154596_2420509321306351_5446054338470346752_n\/\" class=\"wp-image-5785\" srcset=\"https:\/\/epwlm.com\/wp-content\/uploads\/2019\/04\/57154596_2420509321306351_5446054338470346752_n.png 360w, https:\/\/epwlm.com\/wp-content\/uploads\/2019\/04\/57154596_2420509321306351_5446054338470346752_n-241x300.png 241w\" sizes=\"(max-width: 360px) 100vw, 360px\" \/><\/figure><\/li><\/ul>","protected":false},"excerpt":{"rendered":"<p>En direct du Championnat de France Solo de Brive-La- Gaillarde.. Ouverture de la journ\u00e9e avec la cat\u00e9gorie des Cadets et du tr\u00e8s haut niveau pour la course au podium. Apr\u00e8s un classement serr\u00e9 suite aux 2 danses impos\u00e9es Angela Tamburrino termine \u00e0 la troisi\u00e8me place apr\u00e8s un magnifique programme libre qui lui permet d&#8217;acc\u00e9der au&hellip;&nbsp;<a href=\"https:\/\/epwlm.com\/index.php\/2019\/04\/06\/danse-chpt-france-solo-brives-12-au-14-avril\/\" rel=\"bookmark\">Lire la suite &raquo;<span class=\"screen-reader-text\">Danse &#8211; CHPT France Solo BRIVES &#8211; 12 au 14 avril<\/span><\/a><\/p>\n","protected":false},"author":1,"featured_media":5784,"comment_status":"closed","ping_status":"closed","sticky":false,"template":"","format":"standard","meta":{"_monsterinsights_skip_tracking":false,"_monsterinsights_sitenote_active":false,"_monsterinsights_sitenote_note":"","_monsterinsights_sitenote_category":0,"neve_meta_sidebar":"","neve_meta_container":"","neve_meta_enable_content_width":"","neve_meta_content_width":0,"neve_meta_title_alignment":"","neve_meta_author_avatar":"","neve_post_elements_order":"","neve_meta_disable_header":"","neve_meta_disable_footer":"","neve_meta_disable_title":"","ngg_post_thumbnail":0,"jetpack_post_was_ever_published":false,"_jetpack_newsletter_access":"","_jetpack_dont_email_post_to_subs":false,"_jetpack_newsletter_tier_id":0,"_jetpack_memberships_contains_paywalled_content":false,"_jetpack_memberships_contains_paid_content":false,"footnotes":"","jetpack_publicize_message":"","jetpack_publicize_feature_enabled":true,"jetpack_social_post_already_shared":true,"jetpack_social_options":{"image_generator_settings":{"template":"highway","default_image_id":0,"font":"","enabled":false},"version":2}},"categories":[84,21,20],"tags":[],"class_list":["post-5463","post","type-post","status-publish","format-standard","has-post-thumbnail","hentry","category-84","category-competitions","category-competitions-danses"],"jetpack_publicize_connections":[],"jetpack_featured_media_url":"https:\/\/epwlm.com\/wp-content\/uploads\/2019\/04\/57049138_2420503611306922_6920395016368029696_n.jpg","jetpack_sharing_enabled":true,"jetpack_shortlink":"https:\/\/wp.me\/p9UovH-1q7","_links":{"self":[{"href":"https:\/\/epwlm.com\/index.php\/wp-json\/wp\/v2\/posts\/5463","targetHints":{"allow":["GET"]}}],"collection":[{"href":"https:\/\/epwlm.com\/index.php\/wp-json\/wp\/v2\/posts"}],"about":[{"href":"https:\/\/epwlm.com\/index.php\/wp-json\/wp\/v2\/types\/post"}],"author":[{"embeddable":true,"href":"https:\/\/epwlm.com\/index.php\/wp-json\/wp\/v2\/users\/1"}],"replies":[{"embeddable":true,"href":"https:\/\/epwlm.com\/index.php\/wp-json\/wp\/v2\/comments?post=5463"}],"version-history":[{"count":3,"href":"https:\/\/epwlm.com\/index.php\/wp-json\/wp\/v2\/posts\/5463\/revisions"}],"predecessor-version":[{"id":5786,"href":"https:\/\/epwlm.com\/index.php\/wp-json\/wp\/v2\/posts\/5463\/revisions\/5786"}],"wp:featuredmedia":[{"embeddable":true,"href":"https:\/\/epwlm.com\/index.php\/wp-json\/wp\/v2\/media\/5784"}],"wp:attachment":[{"href":"https:\/\/epwlm.com\/index.php\/wp-json\/wp\/v2\/media?parent=5463"}],"wp:term":[{"taxonomy":"category","embeddable":true,"href":"https:\/\/epwlm.com\/index.php\/wp-json\/wp\/v2\/categories?post=5463"},{"taxonomy":"post_tag","embeddable":true,"href":"https:\/\/epwlm.com\/index.php\/wp-json\/wp\/v2\/tags?post=5463"}],"curies":[{"name":"wp","href":"https:\/\/api.w.org\/{rel}","templated":true}]}}