{"id":5465,"date":"2019-04-15T13:05:38","date_gmt":"2019-04-15T11:05:38","guid":{"rendered":"https:\/\/epwlm.com\/?p=5465"},"modified":"2019-04-27T12:30:04","modified_gmt":"2019-04-27T10:30:04","slug":"danse-coupe-de-france-brest-19-au-21-avril","status":"publish","type":"post","link":"https:\/\/epwlm.com\/index.php\/2019\/04\/15\/danse-coupe-de-france-brest-19-au-21-avril\/","title":{"rendered":"Danse &#8211; coupe de France inter-r\u00e9gionale &#8211; BREST &#8211; 19 au 21 avril"},"content":{"rendered":"<p>Synth\u00e8se apr\u00e8s la coupe de France inter-r\u00e9gionale. \u00e0 BREST pour nos 4 s\u00e9lectionn\u00e9s.<\/p>\n<p>En poussin nous avons la Championne de la coupe de France avec Loona BERTIN!!<br>Elle termine 1\u00e8re \/ 16 avec un total de 35,33Pts.<\/p>\n<div class=\"text_exposed_show\">\n<p>En cat\u00e9gorie Pr\u00e9paratoire+ El\u00e9onore SCAMPS termine 9\u00e8me\/16 avec 36,63Pts<br>En cat\u00e9gorie Pr\u00e9bronze + Guim Aragones termine 15\u00e8me\/15 avec 35,48Pts<br>En cat\u00e9gorie Argent + Maelle TANFIN termine 6\u00e8me\/16 avec un total de 48,97Pts.<\/p>\n<p>F\u00e9licitations \u00e0 nos 4 R\u00e9gionaux pour ce beau WE<\/p>\n<p>Sportivement<\/p>\n<\/div>\n<p><span id=\"transmark\" style=\"display: none; width: 0px; height: 0px;\"><\/span><\/p><ul class=\"wp-block-gallery columns-0 is-cropped wp-block-gallery-1 is-layout-flex wp-block-gallery-is-layout-flex\"><\/ul>","protected":false},"excerpt":{"rendered":"<p>Synth\u00e8se apr\u00e8s la coupe de France inter-r\u00e9gionale. \u00e0 BREST pour nos 4 s\u00e9lectionn\u00e9s. En poussin nous avons la Championne de la coupe de France avec Loona BERTIN!!Elle termine 1\u00e8re \/ 16 avec un total de 35,33Pts. En cat\u00e9gorie Pr\u00e9paratoire+ El\u00e9onore SCAMPS termine 9\u00e8me\/16 avec 36,63PtsEn cat\u00e9gorie Pr\u00e9bronze + Guim Aragones termine 15\u00e8me\/15 avec 35,48PtsEn cat\u00e9gorie&hellip;&nbsp;<a href=\"https:\/\/epwlm.com\/index.php\/2019\/04\/15\/danse-coupe-de-france-brest-19-au-21-avril\/\" rel=\"bookmark\">Lire la suite &raquo;<span class=\"screen-reader-text\">Danse &#8211; coupe de France inter-r\u00e9gionale &#8211; BREST &#8211; 19 au 21 avril<\/span><\/a><\/p>\n","protected":false},"author":1,"featured_media":5811,"comment_status":"closed","ping_status":"closed","sticky":false,"template":"","format":"standard","meta":{"_monsterinsights_skip_tracking":false,"_monsterinsights_sitenote_active":false,"_monsterinsights_sitenote_note":"","_monsterinsights_sitenote_category":0,"neve_meta_sidebar":"","neve_meta_container":"","neve_meta_enable_content_width":"","neve_meta_content_width":0,"neve_meta_title_alignment":"","neve_meta_author_avatar":"","neve_post_elements_order":"","neve_meta_disable_header":"","neve_meta_disable_footer":"","neve_meta_disable_title":"","ngg_post_thumbnail":0,"jetpack_post_was_ever_published":false,"_jetpack_newsletter_access":"","_jetpack_dont_email_post_to_subs":false,"_jetpack_newsletter_tier_id":0,"_jetpack_memberships_contains_paywalled_content":false,"_jetpack_memberships_contains_paid_content":false,"footnotes":"","jetpack_publicize_message":"","jetpack_publicize_feature_enabled":true,"jetpack_social_post_already_shared":true,"jetpack_social_options":{"image_generator_settings":{"template":"highway","default_image_id":0,"font":"","enabled":false},"version":2}},"categories":[21,20],"tags":[],"class_list":["post-5465","post","type-post","status-publish","format-standard","has-post-thumbnail","hentry","category-competitions","category-competitions-danses"],"jetpack_publicize_connections":[],"jetpack_featured_media_url":"https:\/\/epwlm.com\/wp-content\/uploads\/2019\/04\/57534068_2433680636655886_3326691546459275264_n.jpg","jetpack_sharing_enabled":true,"jetpack_shortlink":"https:\/\/wp.me\/p9UovH-1q9","_links":{"self":[{"href":"https:\/\/epwlm.com\/index.php\/wp-json\/wp\/v2\/posts\/5465","targetHints":{"allow":["GET"]}}],"collection":[{"href":"https:\/\/epwlm.com\/index.php\/wp-json\/wp\/v2\/posts"}],"about":[{"href":"https:\/\/epwlm.com\/index.php\/wp-json\/wp\/v2\/types\/post"}],"author":[{"embeddable":true,"href":"https:\/\/epwlm.com\/index.php\/wp-json\/wp\/v2\/users\/1"}],"replies":[{"embeddable":true,"href":"https:\/\/epwlm.com\/index.php\/wp-json\/wp\/v2\/comments?post=5465"}],"version-history":[{"count":4,"href":"https:\/\/epwlm.com\/index.php\/wp-json\/wp\/v2\/posts\/5465\/revisions"}],"predecessor-version":[{"id":5813,"href":"https:\/\/epwlm.com\/index.php\/wp-json\/wp\/v2\/posts\/5465\/revisions\/5813"}],"wp:featuredmedia":[{"embeddable":true,"href":"https:\/\/epwlm.com\/index.php\/wp-json\/wp\/v2\/media\/5811"}],"wp:attachment":[{"href":"https:\/\/epwlm.com\/index.php\/wp-json\/wp\/v2\/media?parent=5465"}],"wp:term":[{"taxonomy":"category","embeddable":true,"href":"https:\/\/epwlm.com\/index.php\/wp-json\/wp\/v2\/categories?post=5465"},{"taxonomy":"post_tag","embeddable":true,"href":"https:\/\/epwlm.com\/index.php\/wp-json\/wp\/v2\/tags?post=5465"}],"curies":[{"name":"wp","href":"https:\/\/api.w.org\/{rel}","templated":true}]}}