{"id":5614,"date":"2019-02-22T19:04:23","date_gmt":"2019-02-22T18:04:23","guid":{"rendered":"https:\/\/epwlm.com\/?p=5614"},"modified":"2019-10-27T00:53:03","modified_gmt":"2019-10-26T22:53:03","slug":"gala-des-competiteurs-de-janvier-2019","status":"publish","type":"post","link":"https:\/\/epwlm.com\/index.php\/2019\/02\/22\/gala-des-competiteurs-de-janvier-2019\/","title":{"rendered":"Gala des comp\u00e9titeurs de janvier 2019"},"content":{"rendered":"<figure class=\"wp-block-embed-facebook wp-block-embed is-type-video is-provider-facebook\"><div class=\"wp-block-embed__wrapper\">\n<div class=\"fb-video\" data-allowfullscreen=\"true\" data-href=\"https:\/\/www.facebook.com\/204687126221926\/videos\/379477202868218\/\" style=\"background-color: #fff; display: inline-block;\"><\/div>\n<\/div><figcaption>video facebook<span id=\"transmark\" style=\"display: none; width: 0px; height: 0px;\"><\/span><\/figcaption><\/figure><p>Merci \u00e0 FRANCE VIDEO et Anthony CARRISSIMOUX pour le montage de ce Teaser des 3 discplines du Club \u00e0 l&#8217;occasion du Gala des comp\u00e9titeurs.<\/p><p>Merci \u00e9galement \u00e0 tous les patineurs pour leur contribution et Oriol CERDAN pour les \u00e9clairages.<\/p><figure class=\"wp-block-embed-wordpress wp-block-embed is-type-wp-embed is-provider-france-video\"><div class=\"wp-block-embed__wrapper\">\n<blockquote class=\"wp-embedded-content\" data-secret=\"dd8RN8vR5T\"><a href=\"https:\/\/france-video.fr\/\">France-Video R\u00e9alisations De Films<\/a><\/blockquote><iframe title=\"\u00ab\u00a0France-Video R\u00e9alisations De Films\u00a0\u00bb &#8212; FRANCE-VIDEO\" class=\"wp-embedded-content\" sandbox=\"allow-scripts\" security=\"restricted\" style=\"position: absolute; clip: rect(1px, 1px, 1px, 1px);\" src=\"https:\/\/france-video.fr\/embed\/#?secret=dd8RN8vR5T\" data-secret=\"dd8RN8vR5T\" width=\"600\" height=\"338\" frameborder=\"0\" marginwidth=\"0\" marginheight=\"0\" scrolling=\"no\"><\/iframe>\n<\/div><\/figure><p>Vous pouvez aussi retrouver les photos de Fr\u00e9d\u00e9ric Dujardin \u00e0 commander<\/p><p><a href=\"https:\/\/www.jingoo.com\/client\/key\/37c285\/34786d56\/\">https:\/\/www.jingoo.com\/client\/key\/37c285\/34786d56\/<\/a><\/p>","protected":false},"excerpt":{"rendered":"<p>Merci \u00e0 FRANCE VIDEO et Anthony CARRISSIMOUX pour le montage de ce Teaser des 3 discplines du Club \u00e0 l&#8217;occasion du Gala des comp\u00e9titeurs. Merci \u00e9galement \u00e0 tous les patineurs pour leur contribution et Oriol CERDAN pour les \u00e9clairages. Vous pouvez aussi retrouver les photos de Fr\u00e9d\u00e9ric Dujardin \u00e0 commander https:\/\/www.jingoo.com\/client\/key\/37c285\/34786d56\/<\/p>\n","protected":false},"author":1,"featured_media":5621,"comment_status":"closed","ping_status":"closed","sticky":false,"template":"","format":"standard","meta":{"_monsterinsights_skip_tracking":false,"_monsterinsights_sitenote_active":false,"_monsterinsights_sitenote_note":"","_monsterinsights_sitenote_category":0,"neve_meta_sidebar":"","neve_meta_container":"","neve_meta_enable_content_width":"","neve_meta_content_width":0,"neve_meta_title_alignment":"","neve_meta_author_avatar":"","neve_post_elements_order":"","neve_meta_disable_header":"","neve_meta_disable_footer":"","neve_meta_disable_title":"","ngg_post_thumbnail":0,"jetpack_post_was_ever_published":false,"_jetpack_newsletter_access":"","_jetpack_dont_email_post_to_subs":false,"_jetpack_newsletter_tier_id":0,"_jetpack_memberships_contains_paywalled_content":false,"_jetpack_memberships_contains_paid_content":false,"footnotes":"","jetpack_publicize_message":"","jetpack_publicize_feature_enabled":true,"jetpack_social_post_already_shared":true,"jetpack_social_options":{"image_generator_settings":{"template":"highway","default_image_id":0,"font":"","enabled":false},"version":2}},"categories":[84,22,89],"tags":[],"class_list":["post-5614","post","type-post","status-publish","format-standard","has-post-thumbnail","hentry","category-84","category-gala","category-wasquehal"],"jetpack_publicize_connections":[],"jetpack_featured_media_url":"https:\/\/epwlm.com\/wp-content\/uploads\/2019\/02\/gala2019.png","jetpack_sharing_enabled":true,"jetpack_shortlink":"https:\/\/wp.me\/p9UovH-1sy","_links":{"self":[{"href":"https:\/\/epwlm.com\/index.php\/wp-json\/wp\/v2\/posts\/5614","targetHints":{"allow":["GET"]}}],"collection":[{"href":"https:\/\/epwlm.com\/index.php\/wp-json\/wp\/v2\/posts"}],"about":[{"href":"https:\/\/epwlm.com\/index.php\/wp-json\/wp\/v2\/types\/post"}],"author":[{"embeddable":true,"href":"https:\/\/epwlm.com\/index.php\/wp-json\/wp\/v2\/users\/1"}],"replies":[{"embeddable":true,"href":"https:\/\/epwlm.com\/index.php\/wp-json\/wp\/v2\/comments?post=5614"}],"version-history":[{"count":3,"href":"https:\/\/epwlm.com\/index.php\/wp-json\/wp\/v2\/posts\/5614\/revisions"}],"predecessor-version":[{"id":5620,"href":"https:\/\/epwlm.com\/index.php\/wp-json\/wp\/v2\/posts\/5614\/revisions\/5620"}],"wp:featuredmedia":[{"embeddable":true,"href":"https:\/\/epwlm.com\/index.php\/wp-json\/wp\/v2\/media\/5621"}],"wp:attachment":[{"href":"https:\/\/epwlm.com\/index.php\/wp-json\/wp\/v2\/media?parent=5614"}],"wp:term":[{"taxonomy":"category","embeddable":true,"href":"https:\/\/epwlm.com\/index.php\/wp-json\/wp\/v2\/categories?post=5614"},{"taxonomy":"post_tag","embeddable":true,"href":"https:\/\/epwlm.com\/index.php\/wp-json\/wp\/v2\/tags?post=5614"}],"curies":[{"name":"wp","href":"https:\/\/api.w.org\/{rel}","templated":true}]}}