{"id":9231,"date":"2020-02-22T13:07:00","date_gmt":"2020-02-22T12:07:00","guid":{"rendered":"https:\/\/epwlm.com\/?p=9231"},"modified":"2020-03-08T13:15:54","modified_gmt":"2020-03-08T12:15:54","slug":"epwlm-sur-tf1","status":"publish","type":"post","link":"https:\/\/epwlm.com\/index.php\/2020\/02\/22\/epwlm-sur-tf1\/","title":{"rendered":"EPWLM sur TF1"},"content":{"rendered":"<p>TF1 a programm\u00e9<span id=\"transmark\" style=\"display: none; width: 0px; height: 0px;\"><\/span> le reportage .. RDV donc dans le journal de 13h00 ce samedi 22 f\u00e9vrier 2020.<\/p><figure class=\"wp-block-embed-facebook wp-block-embed is-type-video is-provider-facebook\"><div class=\"wp-block-embed__wrapper\">\n<div class=\"fb-video\" data-allowfullscreen=\"true\" data-href=\"https:\/\/www.facebook.com\/204687126221926\/videos\/196595451450300\/\" style=\"background-color: #fff; display: inline-block;\"><\/div>\n<\/div><\/figure><p> Le reportage rejoint le th\u00e8me de la Convention Nationale de pr\u00e9vention des violences sexuelles dans le sport qui a lieu hier. Ce sera sans doute un axe fort de la future r\u00e9forme de notre F\u00e9d\u00e9ration des sports de Glace.<\/p><p> Apr\u00e8s mures r\u00e9flexions je vais relever le d\u00e9fi en pr\u00e9sentant ma candidature \u00e0 l&#8217;\u00e9lection du conseil f\u00e9d\u00e9ral qui se tiendra \u00e0 l&#8217;AG de al FFSG du 14 mars 2020.<\/p><p> \u00ab Apr\u00e8s une p\u00e9riode riche en \u00e9changes avec les diff\u00e9rents acteurs (pr\u00e9sident, sportifs, entraineurs, juges..) je fais un constat d\u2019une n\u00e9cessit\u00e9 de r\u00e9forme de notre f\u00e9d\u00e9ration. La transformation doit se faire en f\u00e9d\u00e9rant l\u2019ensemble des talents existants , des hommes et des femmes passionn\u00e9(e)s pour un nouveau projet commun. L\u2019ensemble des acteurs de la f\u00e9d\u00e9ration devront pouvoir s\u2019exprimer librement et en toute confiance.<br> Mes premi\u00e8res propositions iront \u00e0 la protection des sportifs par la cr\u00e9ation d\u2019une entit\u00e9 ind\u00e9pendante et comp\u00e9tente afin de recueillir les propos des victimes potentielles et diligenter les actions n\u00e9cessaires  pour stopper les conflits. Le conseil f\u00e9d\u00e9ral devra \u00e0 l\u2019avenir assurer pleinement son r\u00f4le de contr\u00f4le et d\u2019alerte mais aussi \u00eatre un organe de propositions pour une r\u00e9forme positive de notre F\u00e9d\u00e9ration \u00bb<br> Bruno TRAVAIL<\/p>","protected":false},"excerpt":{"rendered":"<p>TF1 a programm\u00e9 le reportage .. RDV donc dans le journal de 13h00 ce samedi 22 f\u00e9vrier 2020. Le reportage rejoint le th\u00e8me de la Convention Nationale de pr\u00e9vention des violences sexuelles dans le sport qui a lieu hier. Ce sera sans doute un axe fort de la future r\u00e9forme de notre F\u00e9d\u00e9ration des sports&hellip;&nbsp;<a href=\"https:\/\/epwlm.com\/index.php\/2020\/02\/22\/epwlm-sur-tf1\/\" rel=\"bookmark\">Lire la suite &raquo;<span class=\"screen-reader-text\">EPWLM sur TF1<\/span><\/a><\/p>\n","protected":false},"author":1,"featured_media":9234,"comment_status":"closed","ping_status":"closed","sticky":false,"template":"","format":"standard","meta":{"_monsterinsights_skip_tracking":false,"_monsterinsights_sitenote_active":false,"_monsterinsights_sitenote_note":"","_monsterinsights_sitenote_category":0,"neve_meta_sidebar":"","neve_meta_container":"","neve_meta_enable_content_width":"","neve_meta_content_width":0,"neve_meta_title_alignment":"","neve_meta_author_avatar":"","neve_post_elements_order":"","neve_meta_disable_header":"","neve_meta_disable_footer":"","neve_meta_disable_title":"","ngg_post_thumbnail":0,"jetpack_post_was_ever_published":false,"_jetpack_newsletter_access":"","_jetpack_dont_email_post_to_subs":false,"_jetpack_newsletter_tier_id":0,"_jetpack_memberships_contains_paywalled_content":false,"_jetpack_memberships_contains_paid_content":false,"footnotes":"","jetpack_publicize_message":"","jetpack_publicize_feature_enabled":true,"jetpack_social_post_already_shared":true,"jetpack_social_options":{"image_generator_settings":{"template":"highway","default_image_id":0,"font":"","enabled":false},"version":2}},"categories":[96,85],"tags":[],"class_list":["post-9231","post","type-post","status-publish","format-standard","has-post-thumbnail","hentry","category-96","category-presse"],"jetpack_publicize_connections":[],"jetpack_featured_media_url":"https:\/\/epwlm.com\/wp-content\/uploads\/2020\/02\/OIP.jpg","jetpack_sharing_enabled":true,"jetpack_shortlink":"https:\/\/wp.me\/p9UovH-2oT","_links":{"self":[{"href":"https:\/\/epwlm.com\/index.php\/wp-json\/wp\/v2\/posts\/9231","targetHints":{"allow":["GET"]}}],"collection":[{"href":"https:\/\/epwlm.com\/index.php\/wp-json\/wp\/v2\/posts"}],"about":[{"href":"https:\/\/epwlm.com\/index.php\/wp-json\/wp\/v2\/types\/post"}],"author":[{"embeddable":true,"href":"https:\/\/epwlm.com\/index.php\/wp-json\/wp\/v2\/users\/1"}],"replies":[{"embeddable":true,"href":"https:\/\/epwlm.com\/index.php\/wp-json\/wp\/v2\/comments?post=9231"}],"version-history":[{"count":2,"href":"https:\/\/epwlm.com\/index.php\/wp-json\/wp\/v2\/posts\/9231\/revisions"}],"predecessor-version":[{"id":9233,"href":"https:\/\/epwlm.com\/index.php\/wp-json\/wp\/v2\/posts\/9231\/revisions\/9233"}],"wp:featuredmedia":[{"embeddable":true,"href":"https:\/\/epwlm.com\/index.php\/wp-json\/wp\/v2\/media\/9234"}],"wp:attachment":[{"href":"https:\/\/epwlm.com\/index.php\/wp-json\/wp\/v2\/media?parent=9231"}],"wp:term":[{"taxonomy":"category","embeddable":true,"href":"https:\/\/epwlm.com\/index.php\/wp-json\/wp\/v2\/categories?post=9231"},{"taxonomy":"post_tag","embeddable":true,"href":"https:\/\/epwlm.com\/index.php\/wp-json\/wp\/v2\/tags?post=9231"}],"curies":[{"name":"wp","href":"https:\/\/api.w.org\/{rel}","templated":true}]}}