{"id":957,"date":"2016-04-17T17:36:01","date_gmt":"2016-04-17T16:36:01","guid":{"rendered":"http:\/\/www.nhju.eu\/wordpress\/epwlm\/?p=957"},"modified":"2019-10-25T19:31:40","modified_gmt":"2019-10-25T17:31:40","slug":"competition-a-toulouse-le-16-17-avril-pour-la-coupe-inter-regionale-programme-impose","status":"publish","type":"post","link":"https:\/\/epwlm.com\/index.php\/2016\/04\/17\/competition-a-toulouse-le-16-17-avril-pour-la-coupe-inter-regionale-programme-impose\/","title":{"rendered":"Comp\u00e9tition \u00e0 Toulouse le 16-17 avril pour la coupe Inter-R\u00e9gionale- programme impos\u00e9"},"content":{"rendered":"<p>Ce Week-end le groupe Danse R\u00e9gional s\u00e9lectionn\u00e9 apr\u00e8s les 2 manches d\u2019Orl\u00e9ans et Vitry Sur Seine sont en comp\u00e9tition \u00e0 Toulouse pour la coupe Inter-R\u00e9gionale.<\/p>\n<p>Apr\u00e8s les entrainements officiels et les danses impos\u00e9es certaines sont en tr\u00e8s bonne position pour esp\u00e9rer les podiums demain avec leur programme libre de Danse.<\/p>\n<p>&nbsp;<\/p>\n<p>Dans la cat\u00e9gorie poussin :<\/p>\n<p>&#8211;\u00a0\u00a0\u00a0\u00a0\u00a0\u00a0\u00a0\u00a0\u00a0 Taiana Ricquebourg est 5\u00e8me \/16 avec 17.68 pts<\/p>\n<p>&#8211;\u00a0\u00a0\u00a0\u00a0\u00a0\u00a0\u00a0\u00a0\u00a0 Eug\u00e9nie Brunelle est 8\u00e8me \/16 avec 16.59 pts<\/p>\n<p>&nbsp;<\/p>\n<p>Dans la cat\u00e9gorie avenir :Marina Tinajero est 4\u00e8me \/16 avec 19.40 pts<br \/>\nDans la cat\u00e9gorie argent\u00a0: Chlo\u00e9 Rade est 15\u00e8me \/16 avec 15.09 pts<\/p>\n<p>Dans la cat\u00e9gorie pr\u00e9paratoire\u00a0: Kalista Dubrulle est 9\u00e8me \/16 avec 16.94 pts<br \/>\nDans la cat\u00e9gorie vermeil\u00a0: Audrey Fleurbayx est 5\u00e8me \/14 avec 22.15 pts<\/p>\n<p>&nbsp;<\/p>\n<p>A suivre&#8230;pour les r\u00e9sultats d\u00e9finitifs..<\/p>\n<p><img decoding=\"async\" class=\"alignnone size-medium wp-image-959\" src=\"http:\/\/www.nhju.eu\/wordpress\/epwlm\/wp-content\/uploads\/sites\/3\/2016\/04\/IMG_4919-300x165.jpg\" alt=\"IMG_4919\" width=\"300\" height=\"165\" srcset=\"https:\/\/epwlm.com\/wp-content\/uploads\/2016\/04\/IMG_4919-300x165.jpg 300w, https:\/\/epwlm.com\/wp-content\/uploads\/2016\/04\/IMG_4919-600x330.jpg 600w, https:\/\/epwlm.com\/wp-content\/uploads\/2016\/04\/IMG_4919.jpg 720w\" sizes=\"(max-width: 300px) 100vw, 300px\" \/><\/p>\n<p>&nbsp;<\/p>\n<p>Bruno TRAVAIL<\/p>\n<p>Pr\u00e9sident EPWLM<\/p>\n","protected":false},"excerpt":{"rendered":"<p>Ce Week-end le groupe Danse R\u00e9gional s\u00e9lectionn\u00e9 apr\u00e8s les 2 manches d\u2019Orl\u00e9ans et Vitry Sur Seine sont en comp\u00e9tition \u00e0 Toulouse pour la coupe Inter-R\u00e9gionale. Apr\u00e8s les entrainements officiels et les danses impos\u00e9es certaines sont en tr\u00e8s bonne position pour esp\u00e9rer les podiums demain avec leur programme libre de Danse. &nbsp; Dans la cat\u00e9gorie poussin&hellip;&nbsp;<a href=\"https:\/\/epwlm.com\/index.php\/2016\/04\/17\/competition-a-toulouse-le-16-17-avril-pour-la-coupe-inter-regionale-programme-impose\/\" rel=\"bookmark\">Lire la suite &raquo;<span class=\"screen-reader-text\">Comp\u00e9tition \u00e0 Toulouse le 16-17 avril pour la coupe Inter-R\u00e9gionale- programme impos\u00e9<\/span><\/a><\/p>\n","protected":false},"author":1,"featured_media":958,"comment_status":"open","ping_status":"open","sticky":false,"template":"","format":"standard","meta":{"_monsterinsights_skip_tracking":false,"_monsterinsights_sitenote_active":false,"_monsterinsights_sitenote_note":"","_monsterinsights_sitenote_category":0,"neve_meta_sidebar":"","neve_meta_container":"","neve_meta_enable_content_width":"","neve_meta_content_width":0,"neve_meta_title_alignment":"","neve_meta_author_avatar":"","neve_post_elements_order":"","neve_meta_disable_header":"","neve_meta_disable_footer":"","neve_meta_disable_title":"","ngg_post_thumbnail":0,"jetpack_post_was_ever_published":false,"_jetpack_newsletter_access":"","_jetpack_dont_email_post_to_subs":false,"_jetpack_newsletter_tier_id":0,"_jetpack_memberships_contains_paywalled_content":false,"_jetpack_memberships_contains_paid_content":false,"footnotes":"","jetpack_publicize_message":"","jetpack_publicize_feature_enabled":true,"jetpack_social_post_already_shared":false,"jetpack_social_options":{"image_generator_settings":{"template":"highway","default_image_id":0,"font":"","enabled":false},"version":2}},"categories":[81,21,20],"tags":[42],"class_list":["post-957","post","type-post","status-publish","format-standard","has-post-thumbnail","hentry","category-81","category-competitions","category-competitions-danses","tag-toulouse"],"jetpack_publicize_connections":[],"jetpack_featured_media_url":"https:\/\/epwlm.com\/wp-content\/uploads\/2016\/04\/IMG_4918.jpg","jetpack_sharing_enabled":true,"jetpack_shortlink":"https:\/\/wp.me\/p9UovH-fr","_links":{"self":[{"href":"https:\/\/epwlm.com\/index.php\/wp-json\/wp\/v2\/posts\/957","targetHints":{"allow":["GET"]}}],"collection":[{"href":"https:\/\/epwlm.com\/index.php\/wp-json\/wp\/v2\/posts"}],"about":[{"href":"https:\/\/epwlm.com\/index.php\/wp-json\/wp\/v2\/types\/post"}],"author":[{"embeddable":true,"href":"https:\/\/epwlm.com\/index.php\/wp-json\/wp\/v2\/users\/1"}],"replies":[{"embeddable":true,"href":"https:\/\/epwlm.com\/index.php\/wp-json\/wp\/v2\/comments?post=957"}],"version-history":[{"count":1,"href":"https:\/\/epwlm.com\/index.php\/wp-json\/wp\/v2\/posts\/957\/revisions"}],"predecessor-version":[{"id":6238,"href":"https:\/\/epwlm.com\/index.php\/wp-json\/wp\/v2\/posts\/957\/revisions\/6238"}],"wp:featuredmedia":[{"embeddable":true,"href":"https:\/\/epwlm.com\/index.php\/wp-json\/wp\/v2\/media\/958"}],"wp:attachment":[{"href":"https:\/\/epwlm.com\/index.php\/wp-json\/wp\/v2\/media?parent=957"}],"wp:term":[{"taxonomy":"category","embeddable":true,"href":"https:\/\/epwlm.com\/index.php\/wp-json\/wp\/v2\/categories?post=957"},{"taxonomy":"post_tag","embeddable":true,"href":"https:\/\/epwlm.com\/index.php\/wp-json\/wp\/v2\/tags?post=957"}],"curies":[{"name":"wp","href":"https:\/\/api.w.org\/{rel}","templated":true}]}}