{"id":9651,"date":"2020-03-20T13:18:20","date_gmt":"2020-03-20T12:18:20","guid":{"rendered":"https:\/\/epwlm.com\/?p=9651"},"modified":"2020-03-20T13:21:38","modified_gmt":"2020-03-20T12:21:38","slug":"message-du-ministere-des-sports","status":"publish","type":"post","link":"https:\/\/epwlm.com\/index.php\/2020\/03\/20\/message-du-ministere-des-sports\/","title":{"rendered":"Message du Minist\u00e8re des Sports"},"content":{"rendered":"<p>Vous trouverez ci-dessous <strong>une communication du minist\u00e8re des sports<\/strong> pour rester en forme et qq conseils d\u2019activit\u00e9.<span id=\"transmark\" style=\"display: none; width: 0px; height: 0px;\"><\/span><\/p><p>Cela vient en\ncompl\u00e9ment des informations donn\u00e9es par les entraineurs via les pages FB ou par\nEMAIL.<\/p><p>Je profite\npour vous indiquer qu\u2019\u00e0 ce jour la patinoire est ferm\u00e9e officiellement jusqu\u2019au\n14 Avril 2020.<\/p><p>Il n\u2019y aura\ndonc pas de reprise possible pendant les vacances scolaires.<\/p><p><strong><em>Message : <\/em><\/strong><span id=\"transmark\" style=\"display: none; width: 0px; height: 0px;\"><\/span><\/p><p><em>Face \u00e0 la situation sanitaire exceptionnelle que connait notre\npays, Roxana Maracineanu, ministre des Sports, souhaite accompagner les\nFran\u00e7aises et les Fran\u00e7ais dans cette p\u00e9riode in\u00e9dite afin que ceux qui souhaitent\nmaintenir une activit\u00e9 physique r\u00e9guli\u00e8re \u00e0 leur domicile puissent b\u00e9n\u00e9ficier\nde recommandations fiables et de conseils simples \u00e0 mettre en pratique, quel\nque soit leur \u00e2ge, si leur condition physique et leur sant\u00e9 le permettent.<\/em><em><\/em><\/p><p><em>Dans cette dynamique, un partenariat entre le minist\u00e8re des\nSports et les applications&nbsp;<a href=\"https:\/\/office365.eu.vadesecure.com\/safeproxy\/v3?f=1ldwUmQkl_2y9shNEDWRzoG0OBukL3pt8qRutmmOsFNrqrlpMaXoRmRIz-K3FL5k&amp;i=dXs3C0wf50S3f-BOQh-C4BH3zlFufbO5qj1pDUJ-zDyTGrOC4yGvw0KmGDiwb4xx74nvb_Z3Z-zFbiqpHRHtkg&amp;k=0qF0&amp;r=He24Kiw28QSE_PLLgxQYF0fE8_COWXySEZoziy-KQxitH2TaH3w0TpgMlz7h2hr4&amp;u=https%3A%2F%2Fwww.about.besport.com%2F\" target=\"_blank\" rel=\"noreferrer noopener\">Be Sport<\/a>,&nbsp;<a href=\"https:\/\/office365.eu.vadesecure.com\/safeproxy\/v3?f=90X0q5Z5wN8xW6qzYXhTY00uE5Rx4RN80EL5Gt8wwRLhfuD1Nwztzxs-slVWxv3x&amp;i=0El3RUclKdyHDwp6RbdSDibkfZgt1een4biPp4bafBqGtngF8W67uCFqqIM2NQrxkuH1YHcchNBiIL7ZV5Sysg&amp;k=ZNBE&amp;r=0CiwBo5Ax6ZFJP_aliOqWvAtvBpd-KBWNKR2ccdHd1ie6dt6cevR9-jclo6RiaXD&amp;u=https%3A%2F%2Fwww.mycoachfootball.com%2F\" target=\"_blank\" rel=\"noreferrer noopener\">My Coach&nbsp;<\/a>et&nbsp;<a href=\"https:\/\/office365.eu.vadesecure.com\/safeproxy\/v3?f=Szg77S7hUnn1SiJKoLgKZn8WMh7I3q2GtSe2udlucHpdT4gNWeefuXlsuQL-Y3sI&amp;i=LGRPimsY9XCdhrwKi1oLwUUhwvOgvzG40Rg_6O5wbo_hDcYXfnUM2wNZdNr2M2f6vGXW4cZX1z90ynXUWmG89g&amp;k=al0D&amp;r=L_bMHlk0Wfs6mcJ5iZONQJYLFq1Dlg1FFWcjsewwfQCJSiYzanzJKElXJ8EHYSOI&amp;u=https%3A%2F%2Fpro.goove.app%2F\" target=\"_blank\" rel=\"noreferrer noopener\">Goove app<\/a>&nbsp;a \u00e9t\u00e9\nconclu. Ces applications qui ont d\u00e9j\u00e0 conventionn\u00e9 avec de nombreuses\nf\u00e9d\u00e9rations sportives ainsi qu\u2019avec le Comit\u00e9 national olympique et sportif\nfran\u00e7ais, s\u2019engagent \u00e0 proposer gratuitement, dans les jours \u00e0 venir, aux\nFran\u00e7aises et aux Fran\u00e7aises leurs contenus con\u00e7us par des professionnels du\nsport, mais \u00e9galement de la sant\u00e9 et de l\u2019activit\u00e9 physique adapt\u00e9e. Des\ns\u00e9ances d\u2019entra\u00eenement vari\u00e9es \u00e0 base d\u2019exercices de renforcement musculaire,\nproprioception, massages, stretching et mouvements fondamentaux seront\nnotamment&nbsp;propos\u00e9es&nbsp;en acc\u00e8s libre sur les diff\u00e9rentes plateformes\n(mobile, tablette et ordinateur).<\/em><em><\/em><\/p><p><em>Le mouvement sportif se mobilise aux c\u00f4t\u00e9s du Comit\u00e9 national\nolympique et sportif fran\u00e7ais, du Comit\u00e9 paralympique et sportif fran\u00e7ais et du\nComit\u00e9 d\u2019organisation des Jeux Olympiques et Paralympiques 2024, pour faciliter\n\u00e0 chacune et \u00e0 chacun l\u2019acc\u00e8s \u00e0 la pratique sportive \u00e0 domicile et il sera\npossible de retrouver tr\u00e8s prochainement l\u2019ensemble des contenus num\u00e9riques\npropos\u00e9s par les f\u00e9d\u00e9rations sportives sur les plateformes du minist\u00e8re.<\/em><em><\/em><\/p><p><em>Des recommandations et des conseils \u00e9labor\u00e9s avec le concours de\nl\u2019Observatoire national de l\u2019activit\u00e9 physique et de la s\u00e9dentarit\u00e9 sont d\u2019ores\net d\u00e9j\u00e0 disponibles sur le site&nbsp;<a href=\"https:\/\/office365.eu.vadesecure.com\/safeproxy\/v3?f=q17zlwD_vwgH2ZtIsF4dja1GTBZ2gpEAW9-sul72jBludOz9nF4zLmZ3izfX-nSt&amp;i=6wPnL2IVh7T5FvfIU22T7DPVNr00qRrU8WLctoaoXpiUtU5K50FUuNMYO6A_ofdOnKaLRlNGZHiICuU8iXNQ4Q&amp;k=4NbR&amp;r=77zpFm8mMLMZDFkNS1NrXWt4JtgUK0YtBOCbMFU8Krdd1S0sy7SvsoXzRWzpk5ph&amp;u=http%3A%2F%2Fanws.co%2FbHDz9%2F%257B451fec57-bbea-4848-b7a7-6be17c3bd063%257D\" target=\"_blank\" rel=\"noreferrer noopener\">www.sports.gouv.fr<\/a>&nbsp;et\nseront mis en avant chaque jour sur les r\u00e9seaux sociaux du minist\u00e8re.<\/em><em><\/em><\/p><p><em>Une pratique minimale d\u2019activit\u00e9s physiques dynamiques est\nrecommand\u00e9e, correspondant \u00e0 1 heure par jour pour les enfants et les\nadolescents, et \u00e0 30 minutes par jour pour les adultes. Toutefois, ne pas\npratiquer d\u2019activit\u00e9 physique si vous avez de la fi\u00e8vre (en cas de temp\u00e9rature\nsup\u00e9rieure ou \u00e9gale \u00e0 38\u00b0C).<\/em><em><\/em><\/p><p>Bonne soir\u00e9e \u00e0\ntous<\/p><p>Bruno TRAVAIL<\/p><p>Pr\u00e9sident EPWLM<\/p>","protected":false},"excerpt":{"rendered":"<p>Vous trouverez ci-dessous une communication du minist\u00e8re des sports pour rester en forme et qq conseils d\u2019activit\u00e9. Cela vient en compl\u00e9ment des informations donn\u00e9es par les entraineurs via les pages FB ou par EMAIL. Je profite pour vous indiquer qu\u2019\u00e0 ce jour la patinoire est ferm\u00e9e officiellement jusqu\u2019au 14 Avril 2020. Il n\u2019y aura donc&hellip;&nbsp;<a href=\"https:\/\/epwlm.com\/index.php\/2020\/03\/20\/message-du-ministere-des-sports\/\" rel=\"bookmark\">Lire la suite &raquo;<span class=\"screen-reader-text\">Message du Minist\u00e8re des Sports<\/span><\/a><\/p>\n","protected":false},"author":1,"featured_media":9653,"comment_status":"closed","ping_status":"closed","sticky":false,"template":"","format":"standard","meta":{"_monsterinsights_skip_tracking":false,"_monsterinsights_sitenote_active":false,"_monsterinsights_sitenote_note":"","_monsterinsights_sitenote_category":0,"neve_meta_sidebar":"","neve_meta_container":"","neve_meta_enable_content_width":"","neve_meta_content_width":0,"neve_meta_title_alignment":"","neve_meta_author_avatar":"","neve_post_elements_order":"","neve_meta_disable_header":"","neve_meta_disable_footer":"","neve_meta_disable_title":"","ngg_post_thumbnail":0,"jetpack_post_was_ever_published":false,"_jetpack_newsletter_access":"","_jetpack_dont_email_post_to_subs":false,"_jetpack_newsletter_tier_id":0,"_jetpack_memberships_contains_paywalled_content":false,"_jetpack_memberships_contains_paid_content":false,"footnotes":"","jetpack_publicize_message":"","jetpack_publicize_feature_enabled":true,"jetpack_social_post_already_shared":true,"jetpack_social_options":{"image_generator_settings":{"template":"highway","default_image_id":0,"font":"","enabled":false},"version":2}},"categories":[96,85],"tags":[],"class_list":["post-9651","post","type-post","status-publish","format-standard","has-post-thumbnail","hentry","category-96","category-presse"],"jetpack_publicize_connections":[],"jetpack_featured_media_url":"https:\/\/epwlm.com\/wp-content\/uploads\/2020\/03\/minister.png","jetpack_sharing_enabled":true,"jetpack_shortlink":"https:\/\/wp.me\/p9UovH-2vF","_links":{"self":[{"href":"https:\/\/epwlm.com\/index.php\/wp-json\/wp\/v2\/posts\/9651","targetHints":{"allow":["GET"]}}],"collection":[{"href":"https:\/\/epwlm.com\/index.php\/wp-json\/wp\/v2\/posts"}],"about":[{"href":"https:\/\/epwlm.com\/index.php\/wp-json\/wp\/v2\/types\/post"}],"author":[{"embeddable":true,"href":"https:\/\/epwlm.com\/index.php\/wp-json\/wp\/v2\/users\/1"}],"replies":[{"embeddable":true,"href":"https:\/\/epwlm.com\/index.php\/wp-json\/wp\/v2\/comments?post=9651"}],"version-history":[{"count":3,"href":"https:\/\/epwlm.com\/index.php\/wp-json\/wp\/v2\/posts\/9651\/revisions"}],"predecessor-version":[{"id":9655,"href":"https:\/\/epwlm.com\/index.php\/wp-json\/wp\/v2\/posts\/9651\/revisions\/9655"}],"wp:featuredmedia":[{"embeddable":true,"href":"https:\/\/epwlm.com\/index.php\/wp-json\/wp\/v2\/media\/9653"}],"wp:attachment":[{"href":"https:\/\/epwlm.com\/index.php\/wp-json\/wp\/v2\/media?parent=9651"}],"wp:term":[{"taxonomy":"category","embeddable":true,"href":"https:\/\/epwlm.com\/index.php\/wp-json\/wp\/v2\/categories?post=9651"},{"taxonomy":"post_tag","embeddable":true,"href":"https:\/\/epwlm.com\/index.php\/wp-json\/wp\/v2\/tags?post=9651"}],"curies":[{"name":"wp","href":"https:\/\/api.w.org\/{rel}","templated":true}]}}